{"id":6943,"date":"2026-07-12T18:30:03","date_gmt":"2026-07-12T18:30:03","guid":{"rendered":"https:\/\/withsolverdemo.com\/selcukinanli\/2022\/09\/29\/septum-deviasyonu-nedir-belirtileri-nelerdir\/"},"modified":"2026-07-13T16:55:31","modified_gmt":"2026-07-13T16:55:31","slug":"what-is-septum-deviation-and-what-are-its-symptoms","status":"publish","type":"post","link":"https:\/\/selcukinanli.com\/en\/what-is-septum-deviation-and-what-are-its-symptoms\/","title":{"rendered":"What is Septum Deviation and What are its Symptoms?"},"content":{"rendered":"<p><ins><a href=\"&quot;https:\/\/selcukinanli.com\/en\/estetik-ameliyatlar\/deviasyon&quot;\" target=\"&quot;_blank&quot;\">Septum deviasyonu<\/a><\/ins>, bilinen di\u011fer ad\u0131 ile burun i\u00e7 e\u011frili\u011fi, nazal septumun yer de\u011fi\u015ftirmesidir. Biri di\u011ferine k\u0131yasla daha k\u00fc\u00e7\u00fck bir h\u00e2l al\u0131r ve halk aras\u0131nda burnun orta b\u00f6l\u00fcm\u00fcndeki e\u011frilik olarak anla\u015f\u0131l\u0131r. Bu k\u0131sm\u0131n d\u00fcz olmas\u0131 gerekir.<\/p>\n<p>\u015eayet bu deformitenin \u015fiddeti yo\u011funsa kronik burun t\u0131kan\u0131kl\u0131\u011f\u0131, nefes alma g\u00fc\u00e7l\u00fc\u011f\u00fc ortaya \u00e7\u0131kabilir. Ayr\u0131ca, e\u011frilikten dolay\u0131s\u0131 meydana gelen \u015fi\u015flik sebebiyle de burun t\u0131kan\u0131kl\u0131\u011f\u0131 ba\u015f g\u00f6sterebilir. <ins><a href=\"&quot;https:\/\/selcukinanli.com\/en\/estetik-ameliyatlar\/deviasyon&quot;\" target=\"&quot;_blank&quot;\">Septum deviasyon ameliyat\u0131 <\/a><\/ins>bu sorunu ortadan kald\u0131rmay\u0131 ama\u00e7lar.<\/p>\n<h2><strong>Septum Deviasyonunun Semptomlar\u0131 Neler?<\/strong><\/h2>\n<p>Burun e\u011frili\u011fi pek \u00e7ok durumda belirti g\u00f6stermeyebilir. Yani, bir ki\u015finin kendisinde <ins><a href=\"&quot;https:\/\/selcukinanli.com\/en\/estetik-ameliyatlar\/deviasyon&quot;\" target=\"&quot;_blank&quot;\">septum deviasyonu<\/a><\/ins> oldu\u011funu bilmemesi normaldir. Bu rahats\u0131zl\u0131\u011f\u0131n karakteristik belirtileri ise \u015funlard\u0131r:<\/p>\n<ul>\n<li><strong>G\u00fcr\u00fclt\u00fcl\u00fc Soluma:<\/strong> Bu rahats\u0131zl\u0131k g\u00fcn i\u00e7inde ya da gece uyku s\u0131ras\u0131nda olabilir. E\u011frilik ve \u015fi\u015flik dolay\u0131s\u0131yla nefes al\u0131p verirken ses \u00e7\u0131kar.<\/li>\n<li><strong>Nazal D\u00f6ng\u00fc Fark\u0131ndal\u0131\u011f\u0131: <\/strong>Nazal d\u00f6ng\u00fc, burun t\u0131kan\u0131kl\u0131\u011f\u0131 taraf\u0131n\u0131n yer de\u011fi\u015ftirmesidir. \u00d6nce bir taraf t\u0131kan\u0131r, belli bir s\u00fcre sonra t\u0131kan\u0131kl\u0131k di\u011fer tarafa ge\u00e7er. Deviasyondan muzdarip hasta, nazal sikl\u00fcs durumunu kolayl\u0131kla fark eder.<\/li>\n<li><strong>Burun Deliklerinin T\u0131kanmas\u0131:<\/strong> Burun deliklerinin biri ya da ikisi birden t\u0131kanabilir. T\u0131kan\u0131kl\u0131k nefes alma g\u00fc\u00e7l\u00fc\u011f\u00fcne sebep olur.<\/li>\n<li><strong>Burun Kanamas\u0131:<\/strong> Burun septumunun y\u00fczey b\u00f6l\u00fcm\u00fc kuruyabilir ve kabuk ba\u011flayabilir. Bu da burun kanamas\u0131na sebebiyet verebilir.<\/li>\n<\/ul>\n<h3><\/h3>\n<h3><strong>Septum Deviasyonu Neden Olur?<\/strong><\/h3>\n<p>Burun e\u011frili\u011fine sebep olan birka\u00e7 ana fakt\u00f6r bulunmaktad\u0131r. Bunlar\u0131 a\u015fa\u011f\u0131da bulabilirsiniz:<\/p>\n<ul>\n<li>Do\u011fum esnas\u0131nda meydana gelebilir.<\/li>\n<li>Ya\u015flanmaya ba\u011fl\u0131 olarak septum deviasyonu geli\u015febilir.<\/li>\n<li>\u00c7ocukluk d\u00f6neminde meydana gelen bir fiziksel travmaya ba\u011fl\u0131 geli\u015fmi\u015f olabilir.<\/li>\n<li>D\u00fc\u015fme ve \u00e7arpmalar, trafik kazalar\u0131, ciddi yaralanmalar en s\u0131k kar\u015f\u0131la\u015f\u0131lan sebepler aras\u0131ndad\u0131r.<\/li>\n<li>G\u00fcre\u015f ve boks gibi sporlar s\u0131ras\u0131nda al\u0131nan darbeler burun e\u011frili\u011fine sebebiyet verebilir.<\/li>\n<\/ul>\n<p>Fiziksel yaralanmalara neden olacak sporlarla u\u011fra\u015f\u0131yorsan\u0131z kask takman\u0131z \u00f6nem arz eder. \u015eayet nefes almada zorlan\u0131yorsan\u0131z ya da uzun s\u00fcredir burun t\u0131kan\u0131kl\u0131\u011f\u0131 rahats\u0131zl\u0131\u011f\u0131 \u00e7ekiyorsan\u0131z, uzman doktora g\u00f6r\u00fcnmenizi tavsiye ederiz.<\/p>\n<p>Kons\u00fcltasyon ve tedavi i\u00e7in\u00a0<a href=\"&quot;https:\/\/selcukinanli.com\/en\/prof-dr-selcuk-inanli&quot;\" target=\"&quot;_blank&quot;\">Prof.Dr.Sel\u00e7uk \u0130nanl\u0131<\/a>\u00a0klinik ile\u00a0<a href=\"&quot;https:\/\/selcukinanli.com\/en\/iletisim&quot;\" target=\"&quot;_blank&quot;\">ileti\u015fime<\/a>\u00a0ge\u00e7ebilirsiniz.<\/p>\n","protected":false},"excerpt":{"rendered":"<p>Septum deviasyonu, bilinen di\u011fer ad\u0131 ile burun i\u00e7 e\u011frili\u011fi, nazal septumun yer de\u011fi\u015ftirmesidir. Biri di\u011ferine k\u0131yasla daha k\u00fc\u00e7\u00fck bir h\u00e2l al\u0131r ve halk aras\u0131nda burnun orta b\u00f6l\u00fcm\u00fcndeki e\u011frilik olarak anla\u015f\u0131l\u0131r. Bu k\u0131sm\u0131n d\u00fcz olmas\u0131 gerekir. \u015eayet bu deformitenin \u015fiddeti yo\u011funsa kronik burun t\u0131kan\u0131kl\u0131\u011f\u0131, nefes alma g\u00fc\u00e7l\u00fc\u011f\u00fc ortaya \u00e7\u0131kabilir. Ayr\u0131ca, e\u011frilikten dolay\u0131s\u0131 meydana gelen \u015fi\u015flik sebebiyle [&hellip;]<\/p>\n","protected":false},"author":1,"featured_media":6944,"comment_status":"open","ping_status":"open","sticky":false,"template":"","format":"standard","meta":{"_acf_changed":false,"content-type":"","_joinchat":[],"footnotes":""},"categories":[1],"tags":[],"class_list":["post-6943","post","type-post","status-publish","format-standard","has-post-thumbnail","hentry","category-blog-tr"],"acf":[],"featured_image_src":{"landsacpe":["https:\/\/selcukinanli.com\/en\/wp-content\/uploads\/2025\/07\/Septum-deviation.png",710,269,false],"list":["https:\/\/selcukinanli.com\/en\/wp-content\/uploads\/2025\/07\/Septum-deviation-463x269.png",463,269,true],"medium":["https:\/\/selcukinanli.com\/en\/wp-content\/uploads\/2025\/07\/Septum-deviation-300x114.png",300,114,true],"full":["https:\/\/selcukinanli.com\/en\/wp-content\/uploads\/2025\/07\/Septum-deviation.png",710,269,false]},"_links":{"self":[{"href":"https:\/\/selcukinanli.com\/en\/wp-json\/wp\/v2\/posts\/6943","targetHints":{"allow":["GET"]}}],"collection":[{"href":"https:\/\/selcukinanli.com\/en\/wp-json\/wp\/v2\/posts"}],"about":[{"href":"https:\/\/selcukinanli.com\/en\/wp-json\/wp\/v2\/types\/post"}],"author":[{"embeddable":true,"href":"https:\/\/selcukinanli.com\/en\/wp-json\/wp\/v2\/users\/1"}],"replies":[{"embeddable":true,"href":"https:\/\/selcukinanli.com\/en\/wp-json\/wp\/v2\/comments?post=6943"}],"version-history":[{"count":2,"href":"https:\/\/selcukinanli.com\/en\/wp-json\/wp\/v2\/posts\/6943\/revisions"}],"predecessor-version":[{"id":10895,"href":"https:\/\/selcukinanli.com\/en\/wp-json\/wp\/v2\/posts\/6943\/revisions\/10895"}],"wp:featuredmedia":[{"embeddable":true,"href":"https:\/\/selcukinanli.com\/en\/wp-json\/wp\/v2\/media\/6944"}],"wp:attachment":[{"href":"https:\/\/selcukinanli.com\/en\/wp-json\/wp\/v2\/media?parent=6943"}],"wp:term":[{"taxonomy":"category","embeddable":true,"href":"https:\/\/selcukinanli.com\/en\/wp-json\/wp\/v2\/categories?post=6943"},{"taxonomy":"post_tag","embeddable":true,"href":"https:\/\/selcukinanli.com\/en\/wp-json\/wp\/v2\/tags?post=6943"}],"curies":[{"name":"wp","href":"https:\/\/api.w.org\/{rel}","templated":true}]}}